{"id":358,"date":"2022-07-03T15:11:21","date_gmt":"2022-07-03T15:11:21","guid":{"rendered":"https:\/\/www.paolauberti.com\/?p=358"},"modified":"2022-07-16T15:43:15","modified_gmt":"2022-07-16T15:43:15","slug":"guacamole-una-ricetta-particolare-il-guacadellamole","status":"publish","type":"post","link":"https:\/\/www.paolauberti.com\/index.php\/2022\/07\/03\/guacamole-una-ricetta-particolare-il-guacadellamole\/","title":{"rendered":"Guacamole: una ricetta particolare | Il Guaca(della)Mole"},"content":{"rendered":"<p>In diverse varianti, il guacamole \u00e8 tra le ricette pi\u00f9 conosciute e diffuse della cucina messicana. L\u2019avocado \u00e8 l\u2019assoluto protagonista di questa squisita salsa cui conferisce la consistenza cremosa e vellutata e il sapore deliziosamente burroso che accoglie alla perfezione ingredienti pungenti e intensamente aromatici, generalmente cipolla cruda e coriandolo fresco.<\/p>\n<p>Anche complici le attuali tendenze in fatto di cibo, che coinvolgono la ricetta del guacamole cos\u00ec come molte altre (avocado toast e poke bowl in primisi), l\u2019avocado sta conoscendo un periodo di grande popolarit\u00e0. Questo fatto, inevitabilmente, corrisponde a un non trascurabile impatto ambientale originante dal fabbisogno idrico della pianta e dai lunghi viaggi transoceanici che i frutti devono compiere poich\u00e9 possono essere coltivati solo in zone climaticamente vocate.<\/p>\n<p>Penso quindi valga la pena prendere in considerazione il consumo consapevole e sostenibile di questa verde delizia, fatto che si colloca a met\u00e0 strada tra l\u2019abuso incondizionato e il radicalismo demonizzante. In poche parole, mangiamo l&#8217;avocado senza esagerare ciecamente (il che, secondo me, permette anche di apprezzarlo di pi\u00f9), scegliamolo da coltivazione e filiera sostenibile &#8211; oggi \u00e8 coltivato anche in Italia &#8211; e divertiamoci a sperimentare alcune alternative per realizzare i nostri piatti a base di avocado.<\/p>\n<h2>La ricetta del guacamole, ad esempio, pu\u00f2 essere usata come punto di partenza per provare tantissime varianti che sanno stupire e deliziare il palato.<\/h2>\n<p><img loading=\"lazy\" decoding=\"async\" class=\"aligncenter wp-image-360 size-full\" title=\"Guacamole: una ricetta particolare\" src=\"https:\/\/www.paolauberti.com\/wp-content\/uploads\/2022\/07\/Guaca-della-Mole-2.jpg\" alt=\"Guacamole: una ricetta particolare\" width=\"611\" height=\"916\" srcset=\"https:\/\/www.paolauberti.com\/wp-content\/uploads\/2022\/07\/Guaca-della-Mole-2.jpg 611w, https:\/\/www.paolauberti.com\/wp-content\/uploads\/2022\/07\/Guaca-della-Mole-2-200x300.jpg 200w, https:\/\/www.paolauberti.com\/wp-content\/uploads\/2022\/07\/Guaca-della-Mole-2-40x60.jpg 40w\" sizes=\"auto, (max-width: 611px) 100vw, 611px\" \/><\/p>\n<p>Per fare alcuni esempi, possiamo preparare la ricetta del guacamole sostituendo l&#8217;avocado con patate dolci, patate &#8220;classiche&#8221;, carote, spinaci, fagiolini, ceci, fagioli bianchi o borlotti, piselli&#8230;<\/p>\n<p>Certamente non si tratta del guacamole originale verso il quale nutro il massimo rispetto e che mi piace moltissimo. Si tratta semplicemente di variare ingredienti e sapori, provare, divertirsi, senza dimenticare che poterlo fare \u00e8 un grande privilegio.<\/p>\n<p>Come spesso accade in cucina, gli unici limiti sono la nostra creativit\u00e0 e il desiderio di sperimentare e non serve cambiare radicalmente abitudini dall&#8217;oggi al domani. Bastano piccoli gesti che tutti possiamo compiere. Spesso mi trovo a pensare che l&#8217;unione fa la forza del cambiamento.<\/p>\n<p>Ingegnarsi, usare la fantasia e compiere passi che possono avere una notevole eco in senso ambientale &#8211; ad esempio rendendo pi\u00f9 equilibrate le nostre scelte alimentari &#8211; fa bene alla salute di corpo e mente, ci permette di entrare in intima confidenza con ci\u00f2 che mangiamo, ci consente di rendere il cucinare e il nutrirci momenti di festa anche nel giorno pi\u00f9 \u201cnormale\u201d e, soprattutto, aiuta a dimostrare il dovuto rispetto al cibo.<\/p>\n<h3>La ricetta del Guaca(della)Mole<\/h3>\n<p>Con queste intenzioni \u00e8 nata questa strana ricetta del guacamole che ho chiamato Guaca(della)Mole, in onore della mia amata citt\u00e0, Torino. \u00c8 una salsa ispirata dalla ricetta del guacamole messicano, realizzata con un cespo di lattuga che iniziava ad appassire. Per gustarla rendendo omaggio al suo nome vi consiglio i grissini rubat\u00e0 o gli stirati: successo assicurato. In alternativa \u00e8 squisita con i tipici nachos.<\/p>\n<p><strong>Preparazione<\/strong>: 15 minuti<\/p>\n<p><strong>Cottura<\/strong>: no<\/p>\n<p><strong>Riposo<\/strong>: 15 minuti<\/p>\n<p><strong>Persone<\/strong>: 4<\/p>\n<p><strong>Ingredienti<\/strong>:<\/p>\n<ul>\n<li>180 grammi di lattuga che inizia ad appassire<\/li>\n<li>50 grammi di mandorle spellate<\/li>\n<li>Cipolla rossa sbucciata in quantit\u00e0 a piacere<\/li>\n<li>Aglio sbucciato e privato del germoglio interno in quantit\u00e0 a piacere<\/li>\n<li>Un limone con buccia edibile<\/li>\n<li>Un cucchiaino di olio extravergine di oliva<\/li>\n<li>Sale q.b.<\/li>\n<li>Pepe nero macinato al momento q.b.<\/li>\n<\/ul>\n<p><strong>Procedimento<\/strong>:<\/p>\n<p>Separare le foglie della lattuga dal torsolo centrale e mettere quest\u2019ultimo da parte dopo averlo sciacquato e asciugato. Lavare anche le foglie, spezzettarle grossolanamente con le dita, poi porle in una capiente ciotola. Coprirle con acqua fredda, unire 5 cubetti di ghiaccio e lasciare rinvenire il vegetale per 15 minuti. Scolare senza sgocciolare troppo.<\/p>\n<p>Porre il torsolo della lattuga in un cutter e tritarlo grossolanamente.<\/p>\n<p>Aggiungere le foglie, le mandorle, la cipolla, l\u2019aglio, mezzo cucchiaino di scorza grattugiata di limone, un cucchiaio di succo dello stesso agrume, l\u2019olio, una macinata di pepe e un cubetto di ghiaccio recuperato dal bagno di ammollo della lattuga.<\/p>\n<p>Azionare la macchina a media velocit\u00e0 e a intermittenza fino a ottenere una salsa non troppo liscia.<\/p>\n<p>Salare e servire accompagnando con i grissini o con i classici nachos.<\/p>\n<h3><strong>Note virtuose<\/strong><\/h3>\n<p>Gli avanzi della cipolla e dell\u2019aglio possono essere impiegati in altre preparazioni; devono essere conservati separatamente in frigorifero, all\u2019interno di piccoli barattoli di vetro ben chiusi.<\/p>\n<p>L\u2019acqua di ammollo della lattuga pu\u00f2 essere utilizzata per cuocere la pasta o il riso oppure per realizzare creme di verdura, minestre e minestroni.<\/p>\n<p>Ci\u00f2 che resta della scorza e del succo di limone \u00e8 ideale per creare una citronette con cui condire carne, pesce o ortaggi cotti alla brace o a vapore oppure per arricchire centrifugati, frullati, estratti e smoothie.<\/p>\n<p>Trovi molte altre ricette di cucina sostenibile nel ricettario gratuito che ho creato per il <strong>Festival del Giornalismo Alimentare<\/strong> attraverso il mio progetto <a href=\"http:\/\/www.libricette.eu\" target=\"_blank\" rel=\"noopener\"><strong>Libricette\u00a9<\/strong><\/a>.<\/p>\n<p><a href=\"https:\/\/www.festivalgiornalismoalimentare.it\/images\/presskit\/Le-Ricette-della-Sostenibilita_Ricettario_PC-Tablet.pdf\" target=\"_blank\" rel=\"noopener\"><img loading=\"lazy\" decoding=\"async\" class=\"aligncenter wp-image-361 size-medium\" title=\"Guacamole: una ricetta particolare - Scarica il ricettario gratuito\" src=\"https:\/\/www.paolauberti.com\/wp-content\/uploads\/2022\/07\/Copertina-DEF_BR_Copertina-VRT-212x300.jpg\" alt=\"Guacamole: una ricetta particolare - Scarica il ricettario gratuito\" width=\"212\" height=\"300\" srcset=\"https:\/\/www.paolauberti.com\/wp-content\/uploads\/2022\/07\/Copertina-DEF_BR_Copertina-VRT-212x300.jpg 212w, https:\/\/www.paolauberti.com\/wp-content\/uploads\/2022\/07\/Copertina-DEF_BR_Copertina-VRT-42x60.jpg 42w, https:\/\/www.paolauberti.com\/wp-content\/uploads\/2022\/07\/Copertina-DEF_BR_Copertina-VRT.jpg 621w\" sizes=\"auto, (max-width: 212px) 100vw, 212px\" \/><\/a><\/p>\n<p style=\"text-align: center;\">Per scaricare gratuitamente il ricettario, clicca <a href=\"https:\/\/www.festivalgiornalismoalimentare.it\/images\/presskit\/Le-Ricette-della-Sostenibilita_Ricettario_PC-Tablet.pdf\" target=\"_blank\" rel=\"noopener\"><strong>QUI<\/strong><\/a>.<\/p>\n<p><img loading=\"lazy\" decoding=\"async\" class=\"aligncenter wp-image-362 size-large\" title=\"Guacamole: una ricetta particolare\" src=\"https:\/\/www.paolauberti.com\/wp-content\/uploads\/2022\/07\/Guaca-della-Mole-3-683x1024.jpg\" alt=\"Guacamole: una ricetta particolare\" width=\"683\" height=\"1024\" srcset=\"https:\/\/www.paolauberti.com\/wp-content\/uploads\/2022\/07\/Guaca-della-Mole-3-683x1024.jpg 683w, https:\/\/www.paolauberti.com\/wp-content\/uploads\/2022\/07\/Guaca-della-Mole-3-200x300.jpg 200w, https:\/\/www.paolauberti.com\/wp-content\/uploads\/2022\/07\/Guaca-della-Mole-3-768x1152.jpg 768w, https:\/\/www.paolauberti.com\/wp-content\/uploads\/2022\/07\/Guaca-della-Mole-3-1024x1536.jpg 1024w, https:\/\/www.paolauberti.com\/wp-content\/uploads\/2022\/07\/Guaca-della-Mole-3-40x60.jpg 40w, https:\/\/www.paolauberti.com\/wp-content\/uploads\/2022\/07\/Guaca-della-Mole-3.jpg 1221w\" sizes=\"auto, (max-width: 683px) 100vw, 683px\" \/><\/p>\n<p>Ti auguro una gustosa giornata,<\/p>\n<p>Paola Uberti<\/p>\n","protected":false},"excerpt":{"rendered":"<p>In diverse varianti, il guacamole \u00e8 tra le ricette pi\u00f9 conosciute e diffuse della cucina messicana. L\u2019avocado \u00e8 l\u2019assoluto protagonista di questa squisita salsa cui conferisce la consistenza cremosa e vellutata e il sapore deliziosamente burroso che accoglie alla perfezione ingredienti pungenti e intensamente aromatici, generalmente cipolla cruda e coriandolo &hellip; <\/p>\n","protected":false},"author":1,"featured_media":359,"comment_status":"open","ping_status":"closed","sticky":false,"template":"","format":"standard","meta":{"footnotes":""},"categories":[43,5,22,9,53,55,33,7,6],"tags":[46,10,24,14,54,56,37,12,11],"class_list":["post-358","post","type-post","status-publish","format-standard","has-post-thumbnail","hentry","category-anti-spreco","category-antipasti","category-aperitivo","category-etnico","category-salse","category-senza-glutine","category-senza-lattosio","category-vegano","category-vegetariano","tag-anti-spreco","tag-antipasti","tag-aperitivo","tag-etnico","tag-salse","tag-senza-glutine","tag-senza-lattosio","tag-vegano","tag-vegetariano","latest_post"],"yoast_head":"<!-- This site is optimized with the Yoast SEO plugin v26.4 - https:\/\/yoast.com\/wordpress\/plugins\/seo\/ -->\r\n<title>Guacamole: una ricetta particolare | Il Guaca(della)Mole - Paola Uberti - Creativa Digitale Food<\/title>\r\n<meta name=\"description\" content=\"Il guacamole mi piace moltissimo. Spesso provo varianti che, oltre a farmi conoscere sapori diversi, mi aiutano a essere pi\u00f9 sostenibile.\" \/>\r\n<meta name=\"robots\" content=\"index, follow, max-snippet:-1, max-image-preview:large, max-video-preview:-1\" \/>\r\n<link rel=\"canonical\" href=\"https:\/\/www.paolauberti.com\/index.php\/2022\/07\/03\/guacamole-una-ricetta-particolare-il-guacadellamole\/\" \/>\r\n<meta property=\"og:locale\" content=\"it_IT\" \/>\r\n<meta property=\"og:type\" content=\"article\" \/>\r\n<meta property=\"og:title\" content=\"Guacamole: una ricetta particolare | Il Guaca(della)Mole - Paola Uberti - Creativa Digitale Food\" \/>\r\n<meta property=\"og:description\" content=\"Il guacamole mi piace moltissimo. Spesso provo varianti che, oltre a farmi conoscere sapori diversi, mi aiutano a essere pi\u00f9 sostenibile.\" \/>\r\n<meta property=\"og:url\" content=\"https:\/\/www.paolauberti.com\/index.php\/2022\/07\/03\/guacamole-una-ricetta-particolare-il-guacadellamole\/\" \/>\r\n<meta property=\"og:site_name\" content=\"Paola Uberti - Creativa Digitale Food\" \/>\r\n<meta property=\"article:publisher\" content=\"https:\/\/www.facebook.com\/slelly\" \/>\r\n<meta property=\"article:author\" content=\"https:\/\/www.facebook.com\/slelly\" \/>\r\n<meta property=\"article:published_time\" content=\"2022-07-03T15:11:21+00:00\" \/>\r\n<meta property=\"article:modified_time\" content=\"2022-07-16T15:43:15+00:00\" \/>\r\n<meta property=\"og:image\" content=\"https:\/\/www.paolauberti.com\/wp-content\/uploads\/2022\/07\/Guaca-della-Mole.jpg\" \/>\r\n\t<meta property=\"og:image:width\" content=\"1831\" \/>\r\n\t<meta property=\"og:image:height\" content=\"1221\" \/>\r\n\t<meta property=\"og:image:type\" content=\"image\/jpeg\" \/>\r\n<meta name=\"author\" content=\"admin\" \/>\r\n<meta name=\"twitter:card\" content=\"summary_large_image\" \/>\r\n<meta name=\"twitter:label1\" content=\"Scritto da\" \/>\n\t<meta name=\"twitter:data1\" content=\"admin\" \/>\n\t<meta name=\"twitter:label2\" content=\"Tempo di lettura stimato\" \/>\n\t<meta name=\"twitter:data2\" content=\"5 minuti\" \/>\r\n<script type=\"application\/ld+json\" class=\"yoast-schema-graph\">{\"@context\":\"https:\/\/schema.org\",\"@graph\":[{\"@type\":\"Article\",\"@id\":\"https:\/\/www.paolauberti.com\/index.php\/2022\/07\/03\/guacamole-una-ricetta-particolare-il-guacadellamole\/#article\",\"isPartOf\":{\"@id\":\"https:\/\/www.paolauberti.com\/index.php\/2022\/07\/03\/guacamole-una-ricetta-particolare-il-guacadellamole\/\"},\"author\":{\"name\":\"admin\",\"@id\":\"https:\/\/www.paolauberti.com\/#\/schema\/person\/08d2b6091b04cfdbc6125dd26b70a2ea\"},\"headline\":\"Guacamole: una ricetta particolare | Il Guaca(della)Mole\",\"datePublished\":\"2022-07-03T15:11:21+00:00\",\"dateModified\":\"2022-07-16T15:43:15+00:00\",\"mainEntityOfPage\":{\"@id\":\"https:\/\/www.paolauberti.com\/index.php\/2022\/07\/03\/guacamole-una-ricetta-particolare-il-guacadellamole\/\"},\"wordCount\":809,\"commentCount\":0,\"publisher\":{\"@id\":\"https:\/\/www.paolauberti.com\/#\/schema\/person\/08d2b6091b04cfdbc6125dd26b70a2ea\"},\"image\":{\"@id\":\"https:\/\/www.paolauberti.com\/index.php\/2022\/07\/03\/guacamole-una-ricetta-particolare-il-guacadellamole\/#primaryimage\"},\"thumbnailUrl\":\"https:\/\/www.paolauberti.com\/wp-content\/uploads\/2022\/07\/Guaca-della-Mole.jpg\",\"keywords\":[\"anti-spreco\",\"antipasti\",\"aperitivo\",\"etnico\",\"salse\",\"senza glutine\",\"senza lattosio\",\"vegano\",\"vegetariano\"],\"articleSection\":[\"Anti-spreco\",\"Antipasti\",\"Aperitivo\",\"Etnico\",\"Salse\",\"Senza glutine\",\"Senza lattosio\",\"Vegano\",\"Vegetariano\"],\"inLanguage\":\"it-IT\",\"potentialAction\":[{\"@type\":\"CommentAction\",\"name\":\"Comment\",\"target\":[\"https:\/\/www.paolauberti.com\/index.php\/2022\/07\/03\/guacamole-una-ricetta-particolare-il-guacadellamole\/#respond\"]}]},{\"@type\":\"WebPage\",\"@id\":\"https:\/\/www.paolauberti.com\/index.php\/2022\/07\/03\/guacamole-una-ricetta-particolare-il-guacadellamole\/\",\"url\":\"https:\/\/www.paolauberti.com\/index.php\/2022\/07\/03\/guacamole-una-ricetta-particolare-il-guacadellamole\/\",\"name\":\"Guacamole: una ricetta particolare | Il Guaca(della)Mole - Paola Uberti - Creativa Digitale Food\",\"isPartOf\":{\"@id\":\"https:\/\/www.paolauberti.com\/#website\"},\"primaryImageOfPage\":{\"@id\":\"https:\/\/www.paolauberti.com\/index.php\/2022\/07\/03\/guacamole-una-ricetta-particolare-il-guacadellamole\/#primaryimage\"},\"image\":{\"@id\":\"https:\/\/www.paolauberti.com\/index.php\/2022\/07\/03\/guacamole-una-ricetta-particolare-il-guacadellamole\/#primaryimage\"},\"thumbnailUrl\":\"https:\/\/www.paolauberti.com\/wp-content\/uploads\/2022\/07\/Guaca-della-Mole.jpg\",\"datePublished\":\"2022-07-03T15:11:21+00:00\",\"dateModified\":\"2022-07-16T15:43:15+00:00\",\"description\":\"Il guacamole mi piace moltissimo. Spesso provo varianti che, oltre a farmi conoscere sapori diversi, mi aiutano a essere pi\u00f9 sostenibile.\",\"breadcrumb\":{\"@id\":\"https:\/\/www.paolauberti.com\/index.php\/2022\/07\/03\/guacamole-una-ricetta-particolare-il-guacadellamole\/#breadcrumb\"},\"inLanguage\":\"it-IT\",\"potentialAction\":[{\"@type\":\"ReadAction\",\"target\":[\"https:\/\/www.paolauberti.com\/index.php\/2022\/07\/03\/guacamole-una-ricetta-particolare-il-guacadellamole\/\"]}]},{\"@type\":\"ImageObject\",\"inLanguage\":\"it-IT\",\"@id\":\"https:\/\/www.paolauberti.com\/index.php\/2022\/07\/03\/guacamole-una-ricetta-particolare-il-guacadellamole\/#primaryimage\",\"url\":\"https:\/\/www.paolauberti.com\/wp-content\/uploads\/2022\/07\/Guaca-della-Mole.jpg\",\"contentUrl\":\"https:\/\/www.paolauberti.com\/wp-content\/uploads\/2022\/07\/Guaca-della-Mole.jpg\",\"width\":1831,\"height\":1221,\"caption\":\"Guacamole: una ricetta particolare\"},{\"@type\":\"BreadcrumbList\",\"@id\":\"https:\/\/www.paolauberti.com\/index.php\/2022\/07\/03\/guacamole-una-ricetta-particolare-il-guacadellamole\/#breadcrumb\",\"itemListElement\":[{\"@type\":\"ListItem\",\"position\":1,\"name\":\"Home\",\"item\":\"https:\/\/www.paolauberti.com\/\"},{\"@type\":\"ListItem\",\"position\":2,\"name\":\"Guacamole: una ricetta particolare | Il Guaca(della)Mole\"}]},{\"@type\":\"WebSite\",\"@id\":\"https:\/\/www.paolauberti.com\/#website\",\"url\":\"https:\/\/www.paolauberti.com\/\",\"name\":\"Paola Uberti - Creativa Digitale Food\",\"description\":\"\",\"publisher\":{\"@id\":\"https:\/\/www.paolauberti.com\/#\/schema\/person\/08d2b6091b04cfdbc6125dd26b70a2ea\"},\"potentialAction\":[{\"@type\":\"SearchAction\",\"target\":{\"@type\":\"EntryPoint\",\"urlTemplate\":\"https:\/\/www.paolauberti.com\/?s={search_term_string}\"},\"query-input\":{\"@type\":\"PropertyValueSpecification\",\"valueRequired\":true,\"valueName\":\"search_term_string\"}}],\"inLanguage\":\"it-IT\"},{\"@type\":[\"Person\",\"Organization\"],\"@id\":\"https:\/\/www.paolauberti.com\/#\/schema\/person\/08d2b6091b04cfdbc6125dd26b70a2ea\",\"name\":\"admin\",\"image\":{\"@type\":\"ImageObject\",\"inLanguage\":\"it-IT\",\"@id\":\"https:\/\/www.paolauberti.com\/#\/schema\/person\/image\/\",\"url\":\"https:\/\/www.paolauberti.com\/wp-content\/uploads\/2022\/06\/Paola-Uberti.png\",\"contentUrl\":\"https:\/\/www.paolauberti.com\/wp-content\/uploads\/2022\/06\/Paola-Uberti.png\",\"width\":200,\"height\":200,\"caption\":\"admin\"},\"logo\":{\"@id\":\"https:\/\/www.paolauberti.com\/#\/schema\/person\/image\/\"},\"description\":\"Mi chiamo Paola Uberti, torinese, classe 1975, una laurea all\u2019Accademia delle Belle Arti e un passato professionale nel settore delle energie rinnovabili. In campo enogastronomico ha iniziato come food blogger nel 2011. Nel 2016 ha fondato LIBRICETTE.eu, trasformando le esperienze maturate negli anni in un\u2019attivit\u00e0 imprenditoriale in crescita che ha gi\u00e0 lavorato per prestigiosi Clienti. Libricette ha una missione rivolta al pubblico appassionato di cibo e cucina \u2013 poich\u00e9 diffonde contenuti culturali legati all\u2019enogastronomia \u2013 e un core business dedicato alle aziende produttrici, alle Associazioni e i Consorzi di Tutela. Lavoro per le aziende del settore cibo e bevande come comunicatrice gastronomica, autrice di ricettari che fondono cultura e cucina, brand ambassador, social media creator e manager, creatrice di progetti di comunicazione e graphic designer.\",\"sameAs\":[\"https:\/\/www.paolauberti.com\",\"https:\/\/www.facebook.com\/slelly\",\"https:\/\/www.instagram.com\/paola.uberti.cucina\/\",\"https:\/\/www.linkedin.com\/in\/paola-uberti-1569221a1\/\"],\"url\":\"https:\/\/www.paolauberti.com\/index.php\/author\/upconsulting16_jo0the3z\/\"}]}<\/script>\r\n<!-- \/ Yoast SEO plugin. -->","yoast_head_json":{"title":"Guacamole: una ricetta particolare | Il Guaca(della)Mole - Paola Uberti - Creativa Digitale Food","description":"Il guacamole mi piace moltissimo. Spesso provo varianti che, oltre a farmi conoscere sapori diversi, mi aiutano a essere pi\u00f9 sostenibile.","robots":{"index":"index","follow":"follow","max-snippet":"max-snippet:-1","max-image-preview":"max-image-preview:large","max-video-preview":"max-video-preview:-1"},"canonical":"https:\/\/www.paolauberti.com\/index.php\/2022\/07\/03\/guacamole-una-ricetta-particolare-il-guacadellamole\/","og_locale":"it_IT","og_type":"article","og_title":"Guacamole: una ricetta particolare | Il Guaca(della)Mole - Paola Uberti - Creativa Digitale Food","og_description":"Il guacamole mi piace moltissimo. Spesso provo varianti che, oltre a farmi conoscere sapori diversi, mi aiutano a essere pi\u00f9 sostenibile.","og_url":"https:\/\/www.paolauberti.com\/index.php\/2022\/07\/03\/guacamole-una-ricetta-particolare-il-guacadellamole\/","og_site_name":"Paola Uberti - Creativa Digitale Food","article_publisher":"https:\/\/www.facebook.com\/slelly","article_author":"https:\/\/www.facebook.com\/slelly","article_published_time":"2022-07-03T15:11:21+00:00","article_modified_time":"2022-07-16T15:43:15+00:00","og_image":[{"width":1831,"height":1221,"url":"https:\/\/www.paolauberti.com\/wp-content\/uploads\/2022\/07\/Guaca-della-Mole.jpg","type":"image\/jpeg"}],"author":"admin","twitter_card":"summary_large_image","twitter_misc":{"Scritto da":"admin","Tempo di lettura stimato":"5 minuti"},"schema":{"@context":"https:\/\/schema.org","@graph":[{"@type":"Article","@id":"https:\/\/www.paolauberti.com\/index.php\/2022\/07\/03\/guacamole-una-ricetta-particolare-il-guacadellamole\/#article","isPartOf":{"@id":"https:\/\/www.paolauberti.com\/index.php\/2022\/07\/03\/guacamole-una-ricetta-particolare-il-guacadellamole\/"},"author":{"name":"admin","@id":"https:\/\/www.paolauberti.com\/#\/schema\/person\/08d2b6091b04cfdbc6125dd26b70a2ea"},"headline":"Guacamole: una ricetta particolare | Il Guaca(della)Mole","datePublished":"2022-07-03T15:11:21+00:00","dateModified":"2022-07-16T15:43:15+00:00","mainEntityOfPage":{"@id":"https:\/\/www.paolauberti.com\/index.php\/2022\/07\/03\/guacamole-una-ricetta-particolare-il-guacadellamole\/"},"wordCount":809,"commentCount":0,"publisher":{"@id":"https:\/\/www.paolauberti.com\/#\/schema\/person\/08d2b6091b04cfdbc6125dd26b70a2ea"},"image":{"@id":"https:\/\/www.paolauberti.com\/index.php\/2022\/07\/03\/guacamole-una-ricetta-particolare-il-guacadellamole\/#primaryimage"},"thumbnailUrl":"https:\/\/www.paolauberti.com\/wp-content\/uploads\/2022\/07\/Guaca-della-Mole.jpg","keywords":["anti-spreco","antipasti","aperitivo","etnico","salse","senza glutine","senza lattosio","vegano","vegetariano"],"articleSection":["Anti-spreco","Antipasti","Aperitivo","Etnico","Salse","Senza glutine","Senza lattosio","Vegano","Vegetariano"],"inLanguage":"it-IT","potentialAction":[{"@type":"CommentAction","name":"Comment","target":["https:\/\/www.paolauberti.com\/index.php\/2022\/07\/03\/guacamole-una-ricetta-particolare-il-guacadellamole\/#respond"]}]},{"@type":"WebPage","@id":"https:\/\/www.paolauberti.com\/index.php\/2022\/07\/03\/guacamole-una-ricetta-particolare-il-guacadellamole\/","url":"https:\/\/www.paolauberti.com\/index.php\/2022\/07\/03\/guacamole-una-ricetta-particolare-il-guacadellamole\/","name":"Guacamole: una ricetta particolare | Il Guaca(della)Mole - Paola Uberti - Creativa Digitale Food","isPartOf":{"@id":"https:\/\/www.paolauberti.com\/#website"},"primaryImageOfPage":{"@id":"https:\/\/www.paolauberti.com\/index.php\/2022\/07\/03\/guacamole-una-ricetta-particolare-il-guacadellamole\/#primaryimage"},"image":{"@id":"https:\/\/www.paolauberti.com\/index.php\/2022\/07\/03\/guacamole-una-ricetta-particolare-il-guacadellamole\/#primaryimage"},"thumbnailUrl":"https:\/\/www.paolauberti.com\/wp-content\/uploads\/2022\/07\/Guaca-della-Mole.jpg","datePublished":"2022-07-03T15:11:21+00:00","dateModified":"2022-07-16T15:43:15+00:00","description":"Il guacamole mi piace moltissimo. Spesso provo varianti che, oltre a farmi conoscere sapori diversi, mi aiutano a essere pi\u00f9 sostenibile.","breadcrumb":{"@id":"https:\/\/www.paolauberti.com\/index.php\/2022\/07\/03\/guacamole-una-ricetta-particolare-il-guacadellamole\/#breadcrumb"},"inLanguage":"it-IT","potentialAction":[{"@type":"ReadAction","target":["https:\/\/www.paolauberti.com\/index.php\/2022\/07\/03\/guacamole-una-ricetta-particolare-il-guacadellamole\/"]}]},{"@type":"ImageObject","inLanguage":"it-IT","@id":"https:\/\/www.paolauberti.com\/index.php\/2022\/07\/03\/guacamole-una-ricetta-particolare-il-guacadellamole\/#primaryimage","url":"https:\/\/www.paolauberti.com\/wp-content\/uploads\/2022\/07\/Guaca-della-Mole.jpg","contentUrl":"https:\/\/www.paolauberti.com\/wp-content\/uploads\/2022\/07\/Guaca-della-Mole.jpg","width":1831,"height":1221,"caption":"Guacamole: una ricetta particolare"},{"@type":"BreadcrumbList","@id":"https:\/\/www.paolauberti.com\/index.php\/2022\/07\/03\/guacamole-una-ricetta-particolare-il-guacadellamole\/#breadcrumb","itemListElement":[{"@type":"ListItem","position":1,"name":"Home","item":"https:\/\/www.paolauberti.com\/"},{"@type":"ListItem","position":2,"name":"Guacamole: una ricetta particolare | Il Guaca(della)Mole"}]},{"@type":"WebSite","@id":"https:\/\/www.paolauberti.com\/#website","url":"https:\/\/www.paolauberti.com\/","name":"Paola Uberti - Creativa Digitale Food","description":"","publisher":{"@id":"https:\/\/www.paolauberti.com\/#\/schema\/person\/08d2b6091b04cfdbc6125dd26b70a2ea"},"potentialAction":[{"@type":"SearchAction","target":{"@type":"EntryPoint","urlTemplate":"https:\/\/www.paolauberti.com\/?s={search_term_string}"},"query-input":{"@type":"PropertyValueSpecification","valueRequired":true,"valueName":"search_term_string"}}],"inLanguage":"it-IT"},{"@type":["Person","Organization"],"@id":"https:\/\/www.paolauberti.com\/#\/schema\/person\/08d2b6091b04cfdbc6125dd26b70a2ea","name":"admin","image":{"@type":"ImageObject","inLanguage":"it-IT","@id":"https:\/\/www.paolauberti.com\/#\/schema\/person\/image\/","url":"https:\/\/www.paolauberti.com\/wp-content\/uploads\/2022\/06\/Paola-Uberti.png","contentUrl":"https:\/\/www.paolauberti.com\/wp-content\/uploads\/2022\/06\/Paola-Uberti.png","width":200,"height":200,"caption":"admin"},"logo":{"@id":"https:\/\/www.paolauberti.com\/#\/schema\/person\/image\/"},"description":"Mi chiamo Paola Uberti, torinese, classe 1975, una laurea all\u2019Accademia delle Belle Arti e un passato professionale nel settore delle energie rinnovabili. In campo enogastronomico ha iniziato come food blogger nel 2011. Nel 2016 ha fondato LIBRICETTE.eu, trasformando le esperienze maturate negli anni in un\u2019attivit\u00e0 imprenditoriale in crescita che ha gi\u00e0 lavorato per prestigiosi Clienti. Libricette ha una missione rivolta al pubblico appassionato di cibo e cucina \u2013 poich\u00e9 diffonde contenuti culturali legati all\u2019enogastronomia \u2013 e un core business dedicato alle aziende produttrici, alle Associazioni e i Consorzi di Tutela. Lavoro per le aziende del settore cibo e bevande come comunicatrice gastronomica, autrice di ricettari che fondono cultura e cucina, brand ambassador, social media creator e manager, creatrice di progetti di comunicazione e graphic designer.","sameAs":["https:\/\/www.paolauberti.com","https:\/\/www.facebook.com\/slelly","https:\/\/www.instagram.com\/paola.uberti.cucina\/","https:\/\/www.linkedin.com\/in\/paola-uberti-1569221a1\/"],"url":"https:\/\/www.paolauberti.com\/index.php\/author\/upconsulting16_jo0the3z\/"}]}},"_links":{"self":[{"href":"https:\/\/www.paolauberti.com\/index.php\/wp-json\/wp\/v2\/posts\/358","targetHints":{"allow":["GET"]}}],"collection":[{"href":"https:\/\/www.paolauberti.com\/index.php\/wp-json\/wp\/v2\/posts"}],"about":[{"href":"https:\/\/www.paolauberti.com\/index.php\/wp-json\/wp\/v2\/types\/post"}],"author":[{"embeddable":true,"href":"https:\/\/www.paolauberti.com\/index.php\/wp-json\/wp\/v2\/users\/1"}],"replies":[{"embeddable":true,"href":"https:\/\/www.paolauberti.com\/index.php\/wp-json\/wp\/v2\/comments?post=358"}],"version-history":[{"count":4,"href":"https:\/\/www.paolauberti.com\/index.php\/wp-json\/wp\/v2\/posts\/358\/revisions"}],"predecessor-version":[{"id":531,"href":"https:\/\/www.paolauberti.com\/index.php\/wp-json\/wp\/v2\/posts\/358\/revisions\/531"}],"wp:featuredmedia":[{"embeddable":true,"href":"https:\/\/www.paolauberti.com\/index.php\/wp-json\/wp\/v2\/media\/359"}],"wp:attachment":[{"href":"https:\/\/www.paolauberti.com\/index.php\/wp-json\/wp\/v2\/media?parent=358"}],"wp:term":[{"taxonomy":"category","embeddable":true,"href":"https:\/\/www.paolauberti.com\/index.php\/wp-json\/wp\/v2\/categories?post=358"},{"taxonomy":"post_tag","embeddable":true,"href":"https:\/\/www.paolauberti.com\/index.php\/wp-json\/wp\/v2\/tags?post=358"}],"curies":[{"name":"wp","href":"https:\/\/api.w.org\/{rel}","templated":true}]}}