{"id":658,"date":"2022-09-04T09:48:09","date_gmt":"2022-09-04T09:48:09","guid":{"rendered":"https:\/\/www.paolauberti.com\/?p=658"},"modified":"2022-09-04T09:51:06","modified_gmt":"2022-09-04T09:51:06","slug":"stuzzichini-di-pane-e-peperone-di-carmagnola-i-peperini","status":"publish","type":"post","link":"https:\/\/www.paolauberti.com\/index.php\/2022\/09\/04\/stuzzichini-di-pane-e-peperone-di-carmagnola-i-peperini\/","title":{"rendered":"Stuzzichini di pane e peperone di Carmagnola | I peperini"},"content":{"rendered":"<p>Di una persona si dice che \u00e8 &#8220;peperina&#8221; quando ha un carattere mica da ridere. Esattamente come questi stuzzichini che celebrano il peperone di Carmagnola, eccellenza del territorio piemontese. Sembrano quieti, pacati e tranquilli, ma in bocca esplodono con sapori intensi e aromi coinvolgenti.<\/p>\n<h2>Con i suoi rossi e gialli squillanti, la consistenza soda, il profumo intenso e un gusto sopraffino, il peperone di Carmagnola allieta la fine dell&#8217;estate.<\/h2>\n<p>Questo peperone speciale \u00e8 protagonista di una <strong><a href=\"https:\/\/www.sagrapeperone.it\/\" target=\"_blank\" rel=\"noopener\">fiera storic<\/a><\/strong>a, giunta quest&#8217;anno alla 73ma edizione, che accoglie visitatori da tutto il Piemonte e dalle regioni confinanti.<\/p>\n<p>Ho avuto l&#8217;onore di essere invitata alla Fiera del Peperone di Carmagnola per presentare il mio ricettario &#8220;Le ricette del risparmio energetico&#8221;, creato per il <strong><a href=\"https:\/\/www.festivalgiornalismoalimentare.it\/\" target=\"_blank\" rel=\"noopener\">Festival del Giornalismo Alimentare di Torino<\/a><\/strong>.<\/p>\n<p>In occasione della chiacchierata con Simona Riccio e Marco Fedele e dell&#8217;aperitivo presso la <strong><a href=\"https:\/\/tavernamonvisocarmagnola.blogspot.com\/\" target=\"_blank\" rel=\"noopener\">Taverna Monviso<\/a><\/strong>, ospite di Rinu Garavaglio, ho preparato questa ricetta che ho voluto dedicare al peperone di Carmagnola in un periodo in cui dobbiamo confrontarci con bollette stellari e crisi climatica. Si tratta di uno stuzzichino senza cottura, ideale per l&#8217;aperitivo che pu\u00f2 diventare una portata per un buffet oppure un antipasto.<\/p>\n<p><img loading=\"lazy\" decoding=\"async\" class=\"aligncenter wp-image-660 size-full\" title=\"Stuzzichini di pane e peperone di Carmagnola\" src=\"https:\/\/www.paolauberti.com\/wp-content\/uploads\/2022\/09\/Bocconcini-Pane-Peperoni-1_BR.jpg\" alt=\"Stuzzichini di pane e peperone di Carmagnola\" width=\"611\" height=\"916\" srcset=\"https:\/\/www.paolauberti.com\/wp-content\/uploads\/2022\/09\/Bocconcini-Pane-Peperoni-1_BR.jpg 611w, https:\/\/www.paolauberti.com\/wp-content\/uploads\/2022\/09\/Bocconcini-Pane-Peperoni-1_BR-200x300.jpg 200w, https:\/\/www.paolauberti.com\/wp-content\/uploads\/2022\/09\/Bocconcini-Pane-Peperoni-1_BR-40x60.jpg 40w\" sizes=\"auto, (max-width: 611px) 100vw, 611px\" \/><\/p>\n<p>Gli <em>Stuzzichini di pane e peperoni di Carmagnola<\/em> sono adatti a qualsiasi tipo di scelta o esigenza alimentare, rivelandosi pratici, democratici e inclusivi. Si tratta infatti di un piatto vegetariano e vegano (scegliendo ingredienti approvati) che pu\u00f2 essere declinato anche in versione senza glutine (ricorrendo al pane adatto). Gli onnivori amanti del pesce che in Piemonte spopola, l&#8217;anciova (acciuga), potranno arricchire la ricetta con alcuni filetti, facendo un tuffo in un concerto di sapori tipicamente regionale.<\/p>\n<p>Colgo l&#8217;occasione per ringraziare le realt\u00e0 e le persone che mi hanno ospitato e che condividono con me la necessit\u00e0 di un approccio al cibo pi\u00f9 informato, consapevole e rispettoso. Il che non significa carestia, sacrifici, privazioni, quanto piuttosto inserire tra le nostre abitudini di cucina alcuni piccoli accorgimenti per risparmiare energia. Non dimentichiamo mai che questo fa bene alle nostre tasche e alla salute dell&#8217;ambiente.<\/p>\n<h2>Ecco la ricetta degli Stuzzichini di pane e peperoni di Carmagnola<\/h2>\n<p><strong>Preparazione<\/strong>: 10 minuti<\/p>\n<p><strong>Cottura<\/strong>: no<\/p>\n<p><strong>Riposo<\/strong>: 10 minuti<\/p>\n<p><strong>Porzioni<\/strong>: 24 (come piccolo assaggio)<\/p>\n<p><strong>Ingredienti<\/strong><\/p>\n<p>150 grammi di pane casereccio con la crosta non troppo spessa<\/p>\n<p>700 grammi di peperoni rossi<\/p>\n<p>60 grammi di olive taggiasche sottolio<\/p>\n<p>30 grammi di capperi sottaceto<\/p>\n<p>Un cipollotto inclusa la parte verde<\/p>\n<p>Una bottiglia piccola di olio extravergine di oliva preferibilmente taggiasca<\/p>\n<p>Una bottiglia piccola di aceto di vino rosso<\/p>\n<p>Sale q.b.<\/p>\n<p>Pepe nero q.b. (da macinare al momento)<\/p>\n<p>Un mazzo di basilico fresco<\/p>\n<p>Due limoni con buccia edibile<\/p>\n<p><strong>Procedimento<\/strong><\/p>\n<p>Spezzettare il pane e frullarlo grossolanamente in un cutter, quindi porlo in una capiente ciotola.<\/p>\n<p>Mondare i peperoni e tagliare le falde a tocchetti, dopodich\u00e9 sistemarli nel cutter assieme a olive, capperi e 8 grammi di parte verde di cipollotto tagliuzzata. Azionare la macchina a intermittenza fino a ottenere un composto grossolano. *<\/p>\n<p>Trasferire quanto ottenuto nella ciotola contenente il pane.<\/p>\n<p>Unire 40 millilitri di olio (8 cucchiaini), 20 millilitri di aceto (4 cucchiaini) e condire con sale e pepe.<\/p>\n<p>Aggiungere infine 4 grosse foglie di basilico spezzettate con le dita e un po\u2019 di scorza di limone grattugiata al momento.<\/p>\n<p>Mescolare accuratamente con un cucchiaio, regolare di sapore se necessario, coprire e lasciare riposare per 10 minuti.<\/p>\n<p>Trascorso il tempo, verificare la consistenza della preparazione che non dovr\u00e0 essere troppo acquosa o troppo soda. Al bisogno, ammorbidirla con pochissima acqua oppure unire altro pane sbriciolato e ripetere il tempo di riposo. Il composto dovr\u00e0 avere una struttura che permetta di formare quenelle o di ottenere mini-porzioni con una formina o un coppa-pasta.<\/p>\n<p>Porzionare, decorare con una fogliolina di basilico e servire.<\/p>\n<p>*A piacere \u00e8 possibile aggiungere alcuni filetti di acciuga sottolio ben scolati e tamponati con carta da cucina.<\/p>\n<p><img loading=\"lazy\" decoding=\"async\" class=\"aligncenter wp-image-661 size-full\" title=\"Stuzzichini di pane e peperone di Carmagnola\" src=\"https:\/\/www.paolauberti.com\/wp-content\/uploads\/2022\/09\/Bocconcini-Pane-Peperoni-9_BR.jpg\" alt=\"Stuzzichini di pane e peperone di Carmagnola\" width=\"611\" height=\"916\" srcset=\"https:\/\/www.paolauberti.com\/wp-content\/uploads\/2022\/09\/Bocconcini-Pane-Peperoni-9_BR.jpg 611w, https:\/\/www.paolauberti.com\/wp-content\/uploads\/2022\/09\/Bocconcini-Pane-Peperoni-9_BR-200x300.jpg 200w, https:\/\/www.paolauberti.com\/wp-content\/uploads\/2022\/09\/Bocconcini-Pane-Peperoni-9_BR-40x60.jpg 40w\" sizes=\"auto, (max-width: 611px) 100vw, 611px\" \/><\/p>\n<p>Ti auguro una gustosa giornata,<\/p>\n<p>Paola Uberti<\/p>\n","protected":false},"excerpt":{"rendered":"<p>Di una persona si dice che \u00e8 &#8220;peperina&#8221; quando ha un carattere mica da ridere. Esattamente come questi stuzzichini che celebrano il peperone di Carmagnola, eccellenza del territorio piemontese. Sembrano quieti, pacati e tranquilli, ma in bocca esplodono con sapori intensi e aromi coinvolgenti. Con i suoi rossi e gialli &hellip; <\/p>\n","protected":false},"author":1,"featured_media":663,"comment_status":"open","ping_status":"closed","sticky":false,"template":"","format":"standard","meta":{"footnotes":""},"categories":[5,81,20,33,7,6,65],"tags":[10,83,23,37,12,11,67],"class_list":["post-658","post","type-post","status-publish","format-standard","has-post-thumbnail","hentry","category-antipasti","category-prodotti-tipici","category-sapori-del-piemonte","category-senza-lattosio","category-vegano","category-vegetariano","category-verdura","tag-antipasti","tag-prodotti-tipici","tag-sapori-del-piemonte","tag-senza-lattosio","tag-vegano","tag-vegetariano","tag-verdura","latest_post"],"yoast_head":"<!-- This site is optimized with the Yoast SEO plugin v26.4 - https:\/\/yoast.com\/wordpress\/plugins\/seo\/ -->\r\n<title>Stuzzichini di pane e peperone di Carmagnola | I peperini - Paola Uberti - Creativa Digitale Food<\/title>\r\n<meta name=\"description\" content=\"Il celebre peperone di Carmagnola in uno stuzzichino versatile, pratico, economico, democratico e senza cottura. Da provare!\" \/>\r\n<meta name=\"robots\" content=\"index, follow, max-snippet:-1, max-image-preview:large, max-video-preview:-1\" \/>\r\n<link rel=\"canonical\" href=\"https:\/\/www.paolauberti.com\/index.php\/2022\/09\/04\/stuzzichini-di-pane-e-peperone-di-carmagnola-i-peperini\/\" \/>\r\n<meta property=\"og:locale\" content=\"it_IT\" \/>\r\n<meta property=\"og:type\" content=\"article\" \/>\r\n<meta property=\"og:title\" content=\"Stuzzichini di pane e peperone di Carmagnola | I peperini - Paola Uberti - Creativa Digitale Food\" \/>\r\n<meta property=\"og:description\" content=\"Il celebre peperone di Carmagnola in uno stuzzichino versatile, pratico, economico, democratico e senza cottura. Da provare!\" \/>\r\n<meta property=\"og:url\" content=\"https:\/\/www.paolauberti.com\/index.php\/2022\/09\/04\/stuzzichini-di-pane-e-peperone-di-carmagnola-i-peperini\/\" \/>\r\n<meta property=\"og:site_name\" content=\"Paola Uberti - Creativa Digitale Food\" \/>\r\n<meta property=\"article:publisher\" content=\"https:\/\/www.facebook.com\/slelly\" \/>\r\n<meta property=\"article:author\" content=\"https:\/\/www.facebook.com\/slelly\" \/>\r\n<meta property=\"article:published_time\" content=\"2022-09-04T09:48:09+00:00\" \/>\r\n<meta property=\"article:modified_time\" content=\"2022-09-04T09:51:06+00:00\" \/>\r\n<meta property=\"og:image\" content=\"https:\/\/www.paolauberti.com\/wp-content\/uploads\/2022\/09\/Bocconcini-Pane-Peperoni-10_BR.jpg\" \/>\r\n\t<meta property=\"og:image:width\" content=\"1831\" \/>\r\n\t<meta property=\"og:image:height\" content=\"1221\" \/>\r\n\t<meta property=\"og:image:type\" content=\"image\/jpeg\" \/>\r\n<meta name=\"author\" content=\"admin\" \/>\r\n<meta name=\"twitter:card\" content=\"summary_large_image\" \/>\r\n<meta name=\"twitter:label1\" content=\"Scritto da\" \/>\n\t<meta name=\"twitter:data1\" content=\"admin\" \/>\n\t<meta name=\"twitter:label2\" content=\"Tempo di lettura stimato\" \/>\n\t<meta name=\"twitter:data2\" content=\"4 minuti\" \/>\r\n<script type=\"application\/ld+json\" class=\"yoast-schema-graph\">{\"@context\":\"https:\/\/schema.org\",\"@graph\":[{\"@type\":\"Article\",\"@id\":\"https:\/\/www.paolauberti.com\/index.php\/2022\/09\/04\/stuzzichini-di-pane-e-peperone-di-carmagnola-i-peperini\/#article\",\"isPartOf\":{\"@id\":\"https:\/\/www.paolauberti.com\/index.php\/2022\/09\/04\/stuzzichini-di-pane-e-peperone-di-carmagnola-i-peperini\/\"},\"author\":{\"name\":\"admin\",\"@id\":\"https:\/\/www.paolauberti.com\/#\/schema\/person\/08d2b6091b04cfdbc6125dd26b70a2ea\"},\"headline\":\"Stuzzichini di pane e peperone di Carmagnola | I peperini\",\"datePublished\":\"2022-09-04T09:48:09+00:00\",\"dateModified\":\"2022-09-04T09:51:06+00:00\",\"mainEntityOfPage\":{\"@id\":\"https:\/\/www.paolauberti.com\/index.php\/2022\/09\/04\/stuzzichini-di-pane-e-peperone-di-carmagnola-i-peperini\/\"},\"wordCount\":638,\"commentCount\":0,\"publisher\":{\"@id\":\"https:\/\/www.paolauberti.com\/#\/schema\/person\/08d2b6091b04cfdbc6125dd26b70a2ea\"},\"image\":{\"@id\":\"https:\/\/www.paolauberti.com\/index.php\/2022\/09\/04\/stuzzichini-di-pane-e-peperone-di-carmagnola-i-peperini\/#primaryimage\"},\"thumbnailUrl\":\"https:\/\/www.paolauberti.com\/wp-content\/uploads\/2022\/09\/Bocconcini-Pane-Peperoni-10_BR.jpg\",\"keywords\":[\"antipasti\",\"prodotti tipici\",\"sapori del Piemonte\",\"senza lattosio\",\"vegano\",\"vegetariano\",\"verdura\"],\"articleSection\":[\"Antipasti\",\"Prodotti tipici\",\"Sapori del Piemonte\",\"Senza lattosio\",\"Vegano\",\"Vegetariano\",\"Verdura\"],\"inLanguage\":\"it-IT\",\"potentialAction\":[{\"@type\":\"CommentAction\",\"name\":\"Comment\",\"target\":[\"https:\/\/www.paolauberti.com\/index.php\/2022\/09\/04\/stuzzichini-di-pane-e-peperone-di-carmagnola-i-peperini\/#respond\"]}]},{\"@type\":\"WebPage\",\"@id\":\"https:\/\/www.paolauberti.com\/index.php\/2022\/09\/04\/stuzzichini-di-pane-e-peperone-di-carmagnola-i-peperini\/\",\"url\":\"https:\/\/www.paolauberti.com\/index.php\/2022\/09\/04\/stuzzichini-di-pane-e-peperone-di-carmagnola-i-peperini\/\",\"name\":\"Stuzzichini di pane e peperone di Carmagnola | I peperini - Paola Uberti - Creativa Digitale Food\",\"isPartOf\":{\"@id\":\"https:\/\/www.paolauberti.com\/#website\"},\"primaryImageOfPage\":{\"@id\":\"https:\/\/www.paolauberti.com\/index.php\/2022\/09\/04\/stuzzichini-di-pane-e-peperone-di-carmagnola-i-peperini\/#primaryimage\"},\"image\":{\"@id\":\"https:\/\/www.paolauberti.com\/index.php\/2022\/09\/04\/stuzzichini-di-pane-e-peperone-di-carmagnola-i-peperini\/#primaryimage\"},\"thumbnailUrl\":\"https:\/\/www.paolauberti.com\/wp-content\/uploads\/2022\/09\/Bocconcini-Pane-Peperoni-10_BR.jpg\",\"datePublished\":\"2022-09-04T09:48:09+00:00\",\"dateModified\":\"2022-09-04T09:51:06+00:00\",\"description\":\"Il celebre peperone di Carmagnola in uno stuzzichino versatile, pratico, economico, democratico e senza cottura. Da provare!\",\"breadcrumb\":{\"@id\":\"https:\/\/www.paolauberti.com\/index.php\/2022\/09\/04\/stuzzichini-di-pane-e-peperone-di-carmagnola-i-peperini\/#breadcrumb\"},\"inLanguage\":\"it-IT\",\"potentialAction\":[{\"@type\":\"ReadAction\",\"target\":[\"https:\/\/www.paolauberti.com\/index.php\/2022\/09\/04\/stuzzichini-di-pane-e-peperone-di-carmagnola-i-peperini\/\"]}]},{\"@type\":\"ImageObject\",\"inLanguage\":\"it-IT\",\"@id\":\"https:\/\/www.paolauberti.com\/index.php\/2022\/09\/04\/stuzzichini-di-pane-e-peperone-di-carmagnola-i-peperini\/#primaryimage\",\"url\":\"https:\/\/www.paolauberti.com\/wp-content\/uploads\/2022\/09\/Bocconcini-Pane-Peperoni-10_BR.jpg\",\"contentUrl\":\"https:\/\/www.paolauberti.com\/wp-content\/uploads\/2022\/09\/Bocconcini-Pane-Peperoni-10_BR.jpg\",\"width\":1831,\"height\":1221,\"caption\":\"Stuzzichini di pane e peperone di Carmagnola\"},{\"@type\":\"BreadcrumbList\",\"@id\":\"https:\/\/www.paolauberti.com\/index.php\/2022\/09\/04\/stuzzichini-di-pane-e-peperone-di-carmagnola-i-peperini\/#breadcrumb\",\"itemListElement\":[{\"@type\":\"ListItem\",\"position\":1,\"name\":\"Home\",\"item\":\"https:\/\/www.paolauberti.com\/\"},{\"@type\":\"ListItem\",\"position\":2,\"name\":\"Stuzzichini di pane e peperone di Carmagnola | I peperini\"}]},{\"@type\":\"WebSite\",\"@id\":\"https:\/\/www.paolauberti.com\/#website\",\"url\":\"https:\/\/www.paolauberti.com\/\",\"name\":\"Paola Uberti - Creativa Digitale Food\",\"description\":\"\",\"publisher\":{\"@id\":\"https:\/\/www.paolauberti.com\/#\/schema\/person\/08d2b6091b04cfdbc6125dd26b70a2ea\"},\"potentialAction\":[{\"@type\":\"SearchAction\",\"target\":{\"@type\":\"EntryPoint\",\"urlTemplate\":\"https:\/\/www.paolauberti.com\/?s={search_term_string}\"},\"query-input\":{\"@type\":\"PropertyValueSpecification\",\"valueRequired\":true,\"valueName\":\"search_term_string\"}}],\"inLanguage\":\"it-IT\"},{\"@type\":[\"Person\",\"Organization\"],\"@id\":\"https:\/\/www.paolauberti.com\/#\/schema\/person\/08d2b6091b04cfdbc6125dd26b70a2ea\",\"name\":\"admin\",\"image\":{\"@type\":\"ImageObject\",\"inLanguage\":\"it-IT\",\"@id\":\"https:\/\/www.paolauberti.com\/#\/schema\/person\/image\/\",\"url\":\"https:\/\/www.paolauberti.com\/wp-content\/uploads\/2022\/06\/Paola-Uberti.png\",\"contentUrl\":\"https:\/\/www.paolauberti.com\/wp-content\/uploads\/2022\/06\/Paola-Uberti.png\",\"width\":200,\"height\":200,\"caption\":\"admin\"},\"logo\":{\"@id\":\"https:\/\/www.paolauberti.com\/#\/schema\/person\/image\/\"},\"description\":\"Mi chiamo Paola Uberti, torinese, classe 1975, una laurea all\u2019Accademia delle Belle Arti e un passato professionale nel settore delle energie rinnovabili. In campo enogastronomico ha iniziato come food blogger nel 2011. Nel 2016 ha fondato LIBRICETTE.eu, trasformando le esperienze maturate negli anni in un\u2019attivit\u00e0 imprenditoriale in crescita che ha gi\u00e0 lavorato per prestigiosi Clienti. Libricette ha una missione rivolta al pubblico appassionato di cibo e cucina \u2013 poich\u00e9 diffonde contenuti culturali legati all\u2019enogastronomia \u2013 e un core business dedicato alle aziende produttrici, alle Associazioni e i Consorzi di Tutela. Lavoro per le aziende del settore cibo e bevande come comunicatrice gastronomica, autrice di ricettari che fondono cultura e cucina, brand ambassador, social media creator e manager, creatrice di progetti di comunicazione e graphic designer.\",\"sameAs\":[\"https:\/\/www.paolauberti.com\",\"https:\/\/www.facebook.com\/slelly\",\"https:\/\/www.instagram.com\/paola.uberti.cucina\/\",\"https:\/\/www.linkedin.com\/in\/paola-uberti-1569221a1\/\"],\"url\":\"https:\/\/www.paolauberti.com\/index.php\/author\/upconsulting16_jo0the3z\/\"}]}<\/script>\r\n<!-- \/ Yoast SEO plugin. -->","yoast_head_json":{"title":"Stuzzichini di pane e peperone di Carmagnola | I peperini - Paola Uberti - Creativa Digitale Food","description":"Il celebre peperone di Carmagnola in uno stuzzichino versatile, pratico, economico, democratico e senza cottura. Da provare!","robots":{"index":"index","follow":"follow","max-snippet":"max-snippet:-1","max-image-preview":"max-image-preview:large","max-video-preview":"max-video-preview:-1"},"canonical":"https:\/\/www.paolauberti.com\/index.php\/2022\/09\/04\/stuzzichini-di-pane-e-peperone-di-carmagnola-i-peperini\/","og_locale":"it_IT","og_type":"article","og_title":"Stuzzichini di pane e peperone di Carmagnola | I peperini - Paola Uberti - Creativa Digitale Food","og_description":"Il celebre peperone di Carmagnola in uno stuzzichino versatile, pratico, economico, democratico e senza cottura. Da provare!","og_url":"https:\/\/www.paolauberti.com\/index.php\/2022\/09\/04\/stuzzichini-di-pane-e-peperone-di-carmagnola-i-peperini\/","og_site_name":"Paola Uberti - Creativa Digitale Food","article_publisher":"https:\/\/www.facebook.com\/slelly","article_author":"https:\/\/www.facebook.com\/slelly","article_published_time":"2022-09-04T09:48:09+00:00","article_modified_time":"2022-09-04T09:51:06+00:00","og_image":[{"width":1831,"height":1221,"url":"https:\/\/www.paolauberti.com\/wp-content\/uploads\/2022\/09\/Bocconcini-Pane-Peperoni-10_BR.jpg","type":"image\/jpeg"}],"author":"admin","twitter_card":"summary_large_image","twitter_misc":{"Scritto da":"admin","Tempo di lettura stimato":"4 minuti"},"schema":{"@context":"https:\/\/schema.org","@graph":[{"@type":"Article","@id":"https:\/\/www.paolauberti.com\/index.php\/2022\/09\/04\/stuzzichini-di-pane-e-peperone-di-carmagnola-i-peperini\/#article","isPartOf":{"@id":"https:\/\/www.paolauberti.com\/index.php\/2022\/09\/04\/stuzzichini-di-pane-e-peperone-di-carmagnola-i-peperini\/"},"author":{"name":"admin","@id":"https:\/\/www.paolauberti.com\/#\/schema\/person\/08d2b6091b04cfdbc6125dd26b70a2ea"},"headline":"Stuzzichini di pane e peperone di Carmagnola | I peperini","datePublished":"2022-09-04T09:48:09+00:00","dateModified":"2022-09-04T09:51:06+00:00","mainEntityOfPage":{"@id":"https:\/\/www.paolauberti.com\/index.php\/2022\/09\/04\/stuzzichini-di-pane-e-peperone-di-carmagnola-i-peperini\/"},"wordCount":638,"commentCount":0,"publisher":{"@id":"https:\/\/www.paolauberti.com\/#\/schema\/person\/08d2b6091b04cfdbc6125dd26b70a2ea"},"image":{"@id":"https:\/\/www.paolauberti.com\/index.php\/2022\/09\/04\/stuzzichini-di-pane-e-peperone-di-carmagnola-i-peperini\/#primaryimage"},"thumbnailUrl":"https:\/\/www.paolauberti.com\/wp-content\/uploads\/2022\/09\/Bocconcini-Pane-Peperoni-10_BR.jpg","keywords":["antipasti","prodotti tipici","sapori del Piemonte","senza lattosio","vegano","vegetariano","verdura"],"articleSection":["Antipasti","Prodotti tipici","Sapori del Piemonte","Senza lattosio","Vegano","Vegetariano","Verdura"],"inLanguage":"it-IT","potentialAction":[{"@type":"CommentAction","name":"Comment","target":["https:\/\/www.paolauberti.com\/index.php\/2022\/09\/04\/stuzzichini-di-pane-e-peperone-di-carmagnola-i-peperini\/#respond"]}]},{"@type":"WebPage","@id":"https:\/\/www.paolauberti.com\/index.php\/2022\/09\/04\/stuzzichini-di-pane-e-peperone-di-carmagnola-i-peperini\/","url":"https:\/\/www.paolauberti.com\/index.php\/2022\/09\/04\/stuzzichini-di-pane-e-peperone-di-carmagnola-i-peperini\/","name":"Stuzzichini di pane e peperone di Carmagnola | I peperini - Paola Uberti - Creativa Digitale Food","isPartOf":{"@id":"https:\/\/www.paolauberti.com\/#website"},"primaryImageOfPage":{"@id":"https:\/\/www.paolauberti.com\/index.php\/2022\/09\/04\/stuzzichini-di-pane-e-peperone-di-carmagnola-i-peperini\/#primaryimage"},"image":{"@id":"https:\/\/www.paolauberti.com\/index.php\/2022\/09\/04\/stuzzichini-di-pane-e-peperone-di-carmagnola-i-peperini\/#primaryimage"},"thumbnailUrl":"https:\/\/www.paolauberti.com\/wp-content\/uploads\/2022\/09\/Bocconcini-Pane-Peperoni-10_BR.jpg","datePublished":"2022-09-04T09:48:09+00:00","dateModified":"2022-09-04T09:51:06+00:00","description":"Il celebre peperone di Carmagnola in uno stuzzichino versatile, pratico, economico, democratico e senza cottura. Da provare!","breadcrumb":{"@id":"https:\/\/www.paolauberti.com\/index.php\/2022\/09\/04\/stuzzichini-di-pane-e-peperone-di-carmagnola-i-peperini\/#breadcrumb"},"inLanguage":"it-IT","potentialAction":[{"@type":"ReadAction","target":["https:\/\/www.paolauberti.com\/index.php\/2022\/09\/04\/stuzzichini-di-pane-e-peperone-di-carmagnola-i-peperini\/"]}]},{"@type":"ImageObject","inLanguage":"it-IT","@id":"https:\/\/www.paolauberti.com\/index.php\/2022\/09\/04\/stuzzichini-di-pane-e-peperone-di-carmagnola-i-peperini\/#primaryimage","url":"https:\/\/www.paolauberti.com\/wp-content\/uploads\/2022\/09\/Bocconcini-Pane-Peperoni-10_BR.jpg","contentUrl":"https:\/\/www.paolauberti.com\/wp-content\/uploads\/2022\/09\/Bocconcini-Pane-Peperoni-10_BR.jpg","width":1831,"height":1221,"caption":"Stuzzichini di pane e peperone di Carmagnola"},{"@type":"BreadcrumbList","@id":"https:\/\/www.paolauberti.com\/index.php\/2022\/09\/04\/stuzzichini-di-pane-e-peperone-di-carmagnola-i-peperini\/#breadcrumb","itemListElement":[{"@type":"ListItem","position":1,"name":"Home","item":"https:\/\/www.paolauberti.com\/"},{"@type":"ListItem","position":2,"name":"Stuzzichini di pane e peperone di Carmagnola | I peperini"}]},{"@type":"WebSite","@id":"https:\/\/www.paolauberti.com\/#website","url":"https:\/\/www.paolauberti.com\/","name":"Paola Uberti - Creativa Digitale Food","description":"","publisher":{"@id":"https:\/\/www.paolauberti.com\/#\/schema\/person\/08d2b6091b04cfdbc6125dd26b70a2ea"},"potentialAction":[{"@type":"SearchAction","target":{"@type":"EntryPoint","urlTemplate":"https:\/\/www.paolauberti.com\/?s={search_term_string}"},"query-input":{"@type":"PropertyValueSpecification","valueRequired":true,"valueName":"search_term_string"}}],"inLanguage":"it-IT"},{"@type":["Person","Organization"],"@id":"https:\/\/www.paolauberti.com\/#\/schema\/person\/08d2b6091b04cfdbc6125dd26b70a2ea","name":"admin","image":{"@type":"ImageObject","inLanguage":"it-IT","@id":"https:\/\/www.paolauberti.com\/#\/schema\/person\/image\/","url":"https:\/\/www.paolauberti.com\/wp-content\/uploads\/2022\/06\/Paola-Uberti.png","contentUrl":"https:\/\/www.paolauberti.com\/wp-content\/uploads\/2022\/06\/Paola-Uberti.png","width":200,"height":200,"caption":"admin"},"logo":{"@id":"https:\/\/www.paolauberti.com\/#\/schema\/person\/image\/"},"description":"Mi chiamo Paola Uberti, torinese, classe 1975, una laurea all\u2019Accademia delle Belle Arti e un passato professionale nel settore delle energie rinnovabili. In campo enogastronomico ha iniziato come food blogger nel 2011. Nel 2016 ha fondato LIBRICETTE.eu, trasformando le esperienze maturate negli anni in un\u2019attivit\u00e0 imprenditoriale in crescita che ha gi\u00e0 lavorato per prestigiosi Clienti. Libricette ha una missione rivolta al pubblico appassionato di cibo e cucina \u2013 poich\u00e9 diffonde contenuti culturali legati all\u2019enogastronomia \u2013 e un core business dedicato alle aziende produttrici, alle Associazioni e i Consorzi di Tutela. Lavoro per le aziende del settore cibo e bevande come comunicatrice gastronomica, autrice di ricettari che fondono cultura e cucina, brand ambassador, social media creator e manager, creatrice di progetti di comunicazione e graphic designer.","sameAs":["https:\/\/www.paolauberti.com","https:\/\/www.facebook.com\/slelly","https:\/\/www.instagram.com\/paola.uberti.cucina\/","https:\/\/www.linkedin.com\/in\/paola-uberti-1569221a1\/"],"url":"https:\/\/www.paolauberti.com\/index.php\/author\/upconsulting16_jo0the3z\/"}]}},"_links":{"self":[{"href":"https:\/\/www.paolauberti.com\/index.php\/wp-json\/wp\/v2\/posts\/658","targetHints":{"allow":["GET"]}}],"collection":[{"href":"https:\/\/www.paolauberti.com\/index.php\/wp-json\/wp\/v2\/posts"}],"about":[{"href":"https:\/\/www.paolauberti.com\/index.php\/wp-json\/wp\/v2\/types\/post"}],"author":[{"embeddable":true,"href":"https:\/\/www.paolauberti.com\/index.php\/wp-json\/wp\/v2\/users\/1"}],"replies":[{"embeddable":true,"href":"https:\/\/www.paolauberti.com\/index.php\/wp-json\/wp\/v2\/comments?post=658"}],"version-history":[{"count":1,"href":"https:\/\/www.paolauberti.com\/index.php\/wp-json\/wp\/v2\/posts\/658\/revisions"}],"predecessor-version":[{"id":662,"href":"https:\/\/www.paolauberti.com\/index.php\/wp-json\/wp\/v2\/posts\/658\/revisions\/662"}],"wp:featuredmedia":[{"embeddable":true,"href":"https:\/\/www.paolauberti.com\/index.php\/wp-json\/wp\/v2\/media\/663"}],"wp:attachment":[{"href":"https:\/\/www.paolauberti.com\/index.php\/wp-json\/wp\/v2\/media?parent=658"}],"wp:term":[{"taxonomy":"category","embeddable":true,"href":"https:\/\/www.paolauberti.com\/index.php\/wp-json\/wp\/v2\/categories?post=658"},{"taxonomy":"post_tag","embeddable":true,"href":"https:\/\/www.paolauberti.com\/index.php\/wp-json\/wp\/v2\/tags?post=658"}],"curies":[{"name":"wp","href":"https:\/\/api.w.org\/{rel}","templated":true}]}}